{"id":1973,"date":"2018-12-04T14:37:05","date_gmt":"2018-12-04T13:37:05","guid":{"rendered":"http:\/\/chdouelafontaine.fr\/centre-hospitalier\/?p=1973"},"modified":"2019-09-30T16:17:01","modified_gmt":"2019-09-30T14:17:01","slug":"une-experimentation-dans-notre-ehpad","status":"publish","type":"post","link":"https:\/\/chdouelafontaine.fr\/centre-hospitalier\/une-experimentation-dans-notre-ehpad\/","title":{"rendered":"L\u2019EXPERIMENTATION DANS NOTRE EHPAD SE POURSUIT"},"content":{"rendered":"<p style=\"text-align: justify;\">L\u2019\u00e9tablissement conduit depuis le mois de mai 2017, une exp\u00e9rimentation le \u00ab prendre soin autrement \u00bb qui poursuit deux objectifs principaux :<\/p>\n<p style=\"text-align: justify;\">&#8211; Am\u00e9liorer la qualit\u00e9 de la prise en charge des r\u00e9sidents dans une logique de renforcement de la personnalisation ;<br \/>\n&#8211; Am\u00e9liorer la qualit\u00e9 de vie au travail des professionnels.<\/p>\n<p style=\"text-align: justify;\">Le projet s\u2019articule autour de formations th\u00e9oriques mais aussi et surtout de formations pratiques. Il associe \u00e9troitement les personnels et leurs repr\u00e9sentants dans un comit\u00e9 de pilotage.<\/p>\n<p style=\"text-align: justify;\">Le projet conduit pendant 18 mois sur le 2\u00e8me niveau de la r\u00e9sidence du petit bois a donn\u00e9 de bons r\u00e9sultats sur les deux objectifs. La prise en charge des r\u00e9sidents est maintenant tr\u00e8s personnalis\u00e9e, les soignants sont davantage dans une philosophie d\u2019accompagnement individuel, la r\u00e9flexion collective au sein de l\u2019\u00e9quipe est privil\u00e9gi\u00e9e et les conditions de travail se sont am\u00e9lior\u00e9es.<br \/>\nLe projet se poursuit d\u00e9sormais, depuis le mois de janvier 2019, par l\u2019engagement dans la d\u00e9marche des \u00e9quipes et des r\u00e9sidents du rez-de-chauss\u00e9e et un nouveau dispositif, longuement travaill\u00e9, le compagnonnage va se mettre en place dans les prochaines semaines au mois d\u2019octobre.<\/p>\n<p style=\"text-align: justify;\">N\u2019h\u00e9sitez pas si vous avez un parent concern\u00e9 par ce projet \u00e0 nous faire part de vos appr\u00e9ciations.<\/p>\n","protected":false},"excerpt":{"rendered":"<p>L\u2019\u00e9tablissement conduit depuis le mois de mai 2017, une exp\u00e9rimentation le \u00ab prendre soin autrement \u00bb qui poursuit deux objectifs principaux : &#8211; Am\u00e9liorer la qualit\u00e9 de la prise en charge des r\u00e9sidents dans une logique de renforcement de la personnalisation ; &#8211; Am\u00e9liorer la qualit\u00e9 de vie au travail des professionnels. Le projet s\u2019articule [&hellip;]<\/p>\n","protected":false},"author":2,"featured_media":0,"comment_status":"closed","ping_status":"closed","sticky":false,"template":"","format":"standard","meta":{"footnotes":""},"categories":[1],"tags":[],"class_list":["post-1973","post","type-post","status-publish","format-standard","hentry","category-actualites"],"_links":{"self":[{"href":"https:\/\/chdouelafontaine.fr\/centre-hospitalier\/wp-json\/wp\/v2\/posts\/1973","targetHints":{"allow":["GET"]}}],"collection":[{"href":"https:\/\/chdouelafontaine.fr\/centre-hospitalier\/wp-json\/wp\/v2\/posts"}],"about":[{"href":"https:\/\/chdouelafontaine.fr\/centre-hospitalier\/wp-json\/wp\/v2\/types\/post"}],"author":[{"embeddable":true,"href":"https:\/\/chdouelafontaine.fr\/centre-hospitalier\/wp-json\/wp\/v2\/users\/2"}],"replies":[{"embeddable":true,"href":"https:\/\/chdouelafontaine.fr\/centre-hospitalier\/wp-json\/wp\/v2\/comments?post=1973"}],"version-history":[{"count":8,"href":"https:\/\/chdouelafontaine.fr\/centre-hospitalier\/wp-json\/wp\/v2\/posts\/1973\/revisions"}],"predecessor-version":[{"id":2028,"href":"https:\/\/chdouelafontaine.fr\/centre-hospitalier\/wp-json\/wp\/v2\/posts\/1973\/revisions\/2028"}],"wp:attachment":[{"href":"https:\/\/chdouelafontaine.fr\/centre-hospitalier\/wp-json\/wp\/v2\/media?parent=1973"}],"wp:term":[{"taxonomy":"category","embeddable":true,"href":"https:\/\/chdouelafontaine.fr\/centre-hospitalier\/wp-json\/wp\/v2\/categories?post=1973"},{"taxonomy":"post_tag","embeddable":true,"href":"https:\/\/chdouelafontaine.fr\/centre-hospitalier\/wp-json\/wp\/v2\/tags?post=1973"}],"curies":[{"name":"wp","href":"https:\/\/api.w.org\/{rel}","templated":true}]}}