{"id":2046,"date":"2020-01-06T15:27:46","date_gmt":"2020-01-06T14:27:46","guid":{"rendered":"http:\/\/chdouelafontaine.fr\/centre-hospitalier\/?p=2046"},"modified":"2020-01-06T15:28:21","modified_gmt":"2020-01-06T14:28:21","slug":"2046-2","status":"publish","type":"post","link":"https:\/\/chdouelafontaine.fr\/centre-hospitalier\/2046-2\/","title":{"rendered":"Nouvelle ann\u00e9e 2020 et ouverture service UPHA"},"content":{"rendered":"<p>Tout d\u2019abord,  l\u2019ensemble des personnels de l\u2019\u00e9tablissement pr\u00e9sente \u00e0 chaque lecteur, r\u00e9sidents, familles ou nouveau venu ses meilleurs v\u0153ux de bonne et heureuse ann\u00e9e 2020.<\/p>\n<p>Ensuite,  nous voulons dire un grand merci aux r\u00e9sidents, \u00e0 leurs familles et aux visiteurs qui sont venus nous rendre visite \u00e0 l\u2019occasion du march\u00e9 de No\u00ebl du 9 d\u00e9cembre 2019. Voil\u00e0 un premier march\u00e9 dans la r\u00e9sidence r\u00e9ussi et vraiment chaleureux pour toutes et tous !<\/p>\n<p>Enfin, en ce d\u00e9but d\u2019ann\u00e9e 2020, toute l\u2019\u00e9quipe se mobilise pour finaliser les travaux pr\u00e9alables \u00e0 l\u2019accueil de 11 nouveaux r\u00e9sidents handicap\u00e9s \u00e2g\u00e9s dans notre nouvelle Unit\u00e9, d\u00e9nomm\u00e9e UPHA labellis\u00e9e par les autorit\u00e9s de contr\u00f4le.<\/p>\n<p><strong>Elle ouvre le 1er mars 2020<\/strong> dans un espace autonome neuf avec une entr\u00e9e d\u00e9di\u00e9e. Le projet de soins promeut notamment la continuit\u00e9 dans le parcours de la personne gr\u00e2ce \u00e0 un travail collaboratif avec les partenaires concern\u00e9s.<\/p>\n<p><strong>Si vous \u00eates int\u00e9ress\u00e9, vous pouvez d\u2019ores et d\u00e9j\u00e0, vous inscrire sur le site VIA TRAJECTOIRE (choisir le service UPHA).<br \/>\nVous \u00eates invit\u00e9s \u00e0 consulter enfin la fiche th\u00e9matique dans la rubrique UPHA<\/strong><\/p>\n","protected":false},"excerpt":{"rendered":"<p>Tout d\u2019abord, l\u2019ensemble des personnels de l\u2019\u00e9tablissement pr\u00e9sente \u00e0 chaque lecteur, r\u00e9sidents, familles ou nouveau venu ses meilleurs v\u0153ux de bonne et heureuse ann\u00e9e 2020. Ensuite, nous voulons dire un grand merci aux r\u00e9sidents, \u00e0 leurs familles et aux visiteurs qui sont venus nous rendre visite \u00e0 l\u2019occasion du march\u00e9 de No\u00ebl du 9 d\u00e9cembre [&hellip;]<\/p>\n","protected":false},"author":14,"featured_media":0,"comment_status":"closed","ping_status":"closed","sticky":false,"template":"","format":"standard","meta":{"footnotes":""},"categories":[1],"tags":[],"class_list":["post-2046","post","type-post","status-publish","format-standard","hentry","category-actualites"],"_links":{"self":[{"href":"https:\/\/chdouelafontaine.fr\/centre-hospitalier\/wp-json\/wp\/v2\/posts\/2046","targetHints":{"allow":["GET"]}}],"collection":[{"href":"https:\/\/chdouelafontaine.fr\/centre-hospitalier\/wp-json\/wp\/v2\/posts"}],"about":[{"href":"https:\/\/chdouelafontaine.fr\/centre-hospitalier\/wp-json\/wp\/v2\/types\/post"}],"author":[{"embeddable":true,"href":"https:\/\/chdouelafontaine.fr\/centre-hospitalier\/wp-json\/wp\/v2\/users\/14"}],"replies":[{"embeddable":true,"href":"https:\/\/chdouelafontaine.fr\/centre-hospitalier\/wp-json\/wp\/v2\/comments?post=2046"}],"version-history":[{"count":2,"href":"https:\/\/chdouelafontaine.fr\/centre-hospitalier\/wp-json\/wp\/v2\/posts\/2046\/revisions"}],"predecessor-version":[{"id":2048,"href":"https:\/\/chdouelafontaine.fr\/centre-hospitalier\/wp-json\/wp\/v2\/posts\/2046\/revisions\/2048"}],"wp:attachment":[{"href":"https:\/\/chdouelafontaine.fr\/centre-hospitalier\/wp-json\/wp\/v2\/media?parent=2046"}],"wp:term":[{"taxonomy":"category","embeddable":true,"href":"https:\/\/chdouelafontaine.fr\/centre-hospitalier\/wp-json\/wp\/v2\/categories?post=2046"},{"taxonomy":"post_tag","embeddable":true,"href":"https:\/\/chdouelafontaine.fr\/centre-hospitalier\/wp-json\/wp\/v2\/tags?post=2046"}],"curies":[{"name":"wp","href":"https:\/\/api.w.org\/{rel}","templated":true}]}}