{"id":2456,"date":"2020-08-25T10:31:35","date_gmt":"2020-08-25T08:31:35","guid":{"rendered":"http:\/\/chdouelafontaine.fr\/centre-hospitalier\/?p=2456"},"modified":"2020-08-25T10:31:35","modified_gmt":"2020-08-25T08:31:35","slug":"coronavirus-covid-19-information-aux-visiteurs-et-aux-familles-6","status":"publish","type":"post","link":"https:\/\/chdouelafontaine.fr\/centre-hospitalier\/coronavirus-covid-19-information-aux-visiteurs-et-aux-familles-6\/","title":{"rendered":"CORONAVIRUS (COVID-19) : INFORMATION AUX VISITEURS ET AUX FAMILLES"},"content":{"rendered":"<p>Mesdames, Messieurs<\/p>\n<p>Nous avons connu un \u00e9pisode de d\u00e9tection d\u2019un cas de COVID-19 positif chez un de nos r\u00e9sidents le 8 ao\u00fbt dernier. Toutes les mesures de d\u00e9pistage ont \u00e9t\u00e9 prises au niveau des r\u00e9sidents et des personnels. Un professionnel int\u00e9rimaire rest\u00e9 8 jours dans la structure s\u2019est r\u00e9v\u00e9l\u00e9 positif sans qu\u2019un lien certain ne puisse \u00eatre \u00e9tabli.<\/p>\n<p>A ce jour, soit 14 jours apr\u00e8s, il n\u2019y a pas d\u2019autre cas chez nos r\u00e9sidents ni chez les soignants. Donc tout va bien, les mesures de confinement des r\u00e9sidents ayant refus\u00e9 le test seront lev\u00e9s le 25 ao\u00fbt.<\/p>\n<p>D\u00e8s lors, la cellule de crise a d\u00e9cid\u00e9 de rouvrir l\u2019\u00e9tablissement aux conditions existantes au mois de juillet 2020. Vous les trouverez ci-apr\u00e8s sur notre site.<\/p>\n<p>Plus que jamais compte tenu du contexte national de hausse des cas de personnes positives au COVID-19 et notamment en EHPAD, <strong>LA SEULE PROTECTION RESTE LE RESPECT STRICT PAR CHACUNE ET CHACUN DES MESURES\u00a0<\/strong><b>BARRI\u00c8RES<\/b>.<\/p>\n<p>Elles vous seront rappel\u00e9es \u00e0 l\u2019entr\u00e9e de l\u2019\u00e9tablissement avec l\u2019agent sp\u00e9cialement d\u00e9di\u00e9 qui vous accueille. <strong>Je prendrai des mesures d\u2019exclusion en cas de non-respect r\u00e9it\u00e9r\u00e9<\/strong> et ce d\u2019autant plus que pendant tout le mois de juillet, tous les conseils et rappels ont \u00e9t\u00e9 prodigu\u00e9s par l\u2019\u00e9tablissement aux visiteurs.<\/p>\n<p><strong>Je compte sur votre sens civique pour \u00e9viter ce type de mesure.<\/strong><\/p>\n<p><strong><u>UN RAPPEL POUR VOUS-M\u00caME ET VOS PROCHES DES MESURES BARRI\u00c8RES :<\/u><\/strong><\/p>\n<ul>\n<li>Effectuer le lavage et la d\u00e9sinfection des mains, \u00e0 l\u2019eau et au savon ou par l\u2019application de solutions hydro-alcooliques (SHA) ou du savon liquide le plus souvent possible ;<\/li>\n<li>Porter obligatoirement TOUT LE TEMPS DE VOTRE PR\u00c9SENCE un <strong>masque chirurgical dans l\u2019\u00e9tablissement<\/strong> ;<\/li>\n<li>Veiller \u00e0 l\u2019hygi\u00e8ne de base des voies respiratoires au moyen de mouchoirs en papier jetables \u00e0 jeter apr\u00e8s utilisation dans une poubelle avec couvercle ; il convient de se laver les mains syst\u00e9matiquement apr\u00e8s ;<\/li>\n<li><strong>Eviter les contacts physiques non indispensables (pratiques de la bise ou de la poign\u00e9e de main) et maintenir une distance d\u2019un m\u00e8tre avec votre interlocuteur<\/strong>.<\/li>\n<\/ul>\n","protected":false},"excerpt":{"rendered":"<p>Mesdames, Messieurs Nous avons connu un \u00e9pisode de d\u00e9tection d\u2019un cas de COVID-19 positif chez un de nos r\u00e9sidents le 8 ao\u00fbt dernier. Toutes les mesures de d\u00e9pistage ont \u00e9t\u00e9 prises au niveau des r\u00e9sidents et des personnels. Un professionnel int\u00e9rimaire rest\u00e9 8 jours dans la structure s\u2019est r\u00e9v\u00e9l\u00e9 positif sans qu\u2019un lien certain ne [&hellip;]<\/p>\n","protected":false},"author":14,"featured_media":0,"comment_status":"closed","ping_status":"closed","sticky":false,"template":"","format":"standard","meta":{"footnotes":""},"categories":[1],"tags":[],"class_list":["post-2456","post","type-post","status-publish","format-standard","hentry","category-actualites"],"_links":{"self":[{"href":"https:\/\/chdouelafontaine.fr\/centre-hospitalier\/wp-json\/wp\/v2\/posts\/2456","targetHints":{"allow":["GET"]}}],"collection":[{"href":"https:\/\/chdouelafontaine.fr\/centre-hospitalier\/wp-json\/wp\/v2\/posts"}],"about":[{"href":"https:\/\/chdouelafontaine.fr\/centre-hospitalier\/wp-json\/wp\/v2\/types\/post"}],"author":[{"embeddable":true,"href":"https:\/\/chdouelafontaine.fr\/centre-hospitalier\/wp-json\/wp\/v2\/users\/14"}],"replies":[{"embeddable":true,"href":"https:\/\/chdouelafontaine.fr\/centre-hospitalier\/wp-json\/wp\/v2\/comments?post=2456"}],"version-history":[{"count":1,"href":"https:\/\/chdouelafontaine.fr\/centre-hospitalier\/wp-json\/wp\/v2\/posts\/2456\/revisions"}],"predecessor-version":[{"id":2457,"href":"https:\/\/chdouelafontaine.fr\/centre-hospitalier\/wp-json\/wp\/v2\/posts\/2456\/revisions\/2457"}],"wp:attachment":[{"href":"https:\/\/chdouelafontaine.fr\/centre-hospitalier\/wp-json\/wp\/v2\/media?parent=2456"}],"wp:term":[{"taxonomy":"category","embeddable":true,"href":"https:\/\/chdouelafontaine.fr\/centre-hospitalier\/wp-json\/wp\/v2\/categories?post=2456"},{"taxonomy":"post_tag","embeddable":true,"href":"https:\/\/chdouelafontaine.fr\/centre-hospitalier\/wp-json\/wp\/v2\/tags?post=2456"}],"curies":[{"name":"wp","href":"https:\/\/api.w.org\/{rel}","templated":true}]}}