{"id":2503,"date":"2020-10-30T17:42:53","date_gmt":"2020-10-30T16:42:53","guid":{"rendered":"http:\/\/chdouelafontaine.fr\/centre-hospitalier\/?p=2503"},"modified":"2020-11-18T16:10:17","modified_gmt":"2020-11-18T15:10:17","slug":"coronavirus-covid-19-information-aux-visiteurs-et-aux-familles-8","status":"publish","type":"post","link":"https:\/\/chdouelafontaine.fr\/centre-hospitalier\/coronavirus-covid-19-information-aux-visiteurs-et-aux-familles-8\/","title":{"rendered":"CORONAVIRUS (COVID-19) : INFORMATION AUX VISITEURS ET AUX FAMILLES"},"content":{"rendered":"<h3><span style=\"color: #008000;\">ACTUALITE au 05\/11\/2020<\/span><\/h3>\n<p>Mesdames, Messieurs,<\/p>\n<p>Comme vous le savez, le pays est \u00e0 nouveau en situation de confinement du fait de la mont\u00e9e alarmante de l\u2019\u00e9pid\u00e9mie.<\/p>\n<p>Ainsi en Maine et Loire, les chiffres sont tr\u00e8s inqui\u00e9tants. Une vingtaine d\u2019EHPAD ont des cas de COVID-19, dont notre \u00e9tablissement et le taux d\u2019incidence augmente tr\u00e8s vite, le dernier taux connu est \u00e0 <strong>321<\/strong>\u00a0alors que le seuil d\u2019alerte maximale est \u00e0 <span style=\"text-decoration: underline;\">250<\/span>. Et il faut s\u2019attendre \u00e0 une hausse encore importante pendant 15 jours.<\/p>\n<p>Dans ces conditions, la prudence impose <strong>de ne plus autoriser les visiteurs<\/strong> qui sont nombreux tous les jours <strong>\u00e0 p\u00e9n\u00e9trer dans les b\u00e2timents EHPAD et sanitaire et en particulier dans les chambres<\/strong>.<\/p>\n<p>Vous trouverez au niveau du site, tous les \u00e9l\u00e9ments n\u00e9cessaires pour contacter votre proche par visio-conf\u00e9rence, ou en venant le voir dans un de nos Espaces Prot\u00e9g\u00e9s Int\u00e9rieurs, <strong>SAUF<\/strong> en cas de fermeture temporaire de l\u2019\u00e9tablissement si des situations de r\u00e9sidents ou de soignants positifs au COVID-19 surviennent (voir <strong>rubrique CONDITIONS DE VISITE<\/strong>)<\/p>\n<p><strong><u>UN RAPPEL POUR VOUS-M\u00caME ET VOS PROCHES DES MESURES BARRI\u00c8RES :<\/u><\/strong><\/p>\n<ul>\n<li>Effectuer le lavage et la d\u00e9sinfection des mains, \u00e0 l\u2019eau et au savon ou par l\u2019application de solutions hydro-alcooliques (SHA) ou du savon liquide le plus souvent possible ;<\/li>\n<li>Porter obligatoirement <span style=\"color: #ff6600;\">TOUT LE TEMPS DE VOTRE PRESENCE<\/span> un <strong>masque chirurgical dans l\u2019\u00e9tablissement<\/strong> ;<\/li>\n<li>Veiller \u00e0 l\u2019hygi\u00e8ne de base des voies respiratoires au moyen de mouchoirs en papier jetables \u00e0 jeter apr\u00e8s utilisation dans une poubelle avec couvercle ; il convient de se laver les mains syst\u00e9matiquement apr\u00e8s ;<\/li>\n<li><strong>Eviter les contacts physiques non indispensables (pratiques de la bise ou de la poign\u00e9e de main) et maintenir une distance d\u2019un m\u00e8tre avec votre interlocuteur<\/strong>.<\/li>\n<\/ul>\n<p><strong>MERCI DE FAIRE ATTENTION A VOUS-MEME ET A VOS PROCHES<\/strong> afin de ne pas surcharger les h\u00f4pitaux qui ne pourront plus accueillir les patients ayant d\u2019autres pathologies si le nombre de cas COVID-19 positifs continuent d\u2019\u00e9voluer de mani\u00e8re exponentielle.<\/p>\n<p>&nbsp;<\/p>\n","protected":false},"excerpt":{"rendered":"<p>ACTUALITE au 05\/11\/2020 Mesdames, Messieurs, Comme vous le savez, le pays est \u00e0 nouveau en situation de confinement du fait de la mont\u00e9e alarmante de l\u2019\u00e9pid\u00e9mie. Ainsi en Maine et Loire, les chiffres sont tr\u00e8s inqui\u00e9tants. Une vingtaine d\u2019EHPAD ont des cas de COVID-19, dont notre \u00e9tablissement et le taux d\u2019incidence augmente tr\u00e8s vite, le [&hellip;]<\/p>\n","protected":false},"author":14,"featured_media":0,"comment_status":"closed","ping_status":"closed","sticky":false,"template":"","format":"standard","meta":{"footnotes":""},"categories":[1],"tags":[],"class_list":["post-2503","post","type-post","status-publish","format-standard","hentry","category-actualites"],"_links":{"self":[{"href":"https:\/\/chdouelafontaine.fr\/centre-hospitalier\/wp-json\/wp\/v2\/posts\/2503","targetHints":{"allow":["GET"]}}],"collection":[{"href":"https:\/\/chdouelafontaine.fr\/centre-hospitalier\/wp-json\/wp\/v2\/posts"}],"about":[{"href":"https:\/\/chdouelafontaine.fr\/centre-hospitalier\/wp-json\/wp\/v2\/types\/post"}],"author":[{"embeddable":true,"href":"https:\/\/chdouelafontaine.fr\/centre-hospitalier\/wp-json\/wp\/v2\/users\/14"}],"replies":[{"embeddable":true,"href":"https:\/\/chdouelafontaine.fr\/centre-hospitalier\/wp-json\/wp\/v2\/comments?post=2503"}],"version-history":[{"count":5,"href":"https:\/\/chdouelafontaine.fr\/centre-hospitalier\/wp-json\/wp\/v2\/posts\/2503\/revisions"}],"predecessor-version":[{"id":2524,"href":"https:\/\/chdouelafontaine.fr\/centre-hospitalier\/wp-json\/wp\/v2\/posts\/2503\/revisions\/2524"}],"wp:attachment":[{"href":"https:\/\/chdouelafontaine.fr\/centre-hospitalier\/wp-json\/wp\/v2\/media?parent=2503"}],"wp:term":[{"taxonomy":"category","embeddable":true,"href":"https:\/\/chdouelafontaine.fr\/centre-hospitalier\/wp-json\/wp\/v2\/categories?post=2503"},{"taxonomy":"post_tag","embeddable":true,"href":"https:\/\/chdouelafontaine.fr\/centre-hospitalier\/wp-json\/wp\/v2\/tags?post=2503"}],"curies":[{"name":"wp","href":"https:\/\/api.w.org\/{rel}","templated":true}]}}