{"id":2692,"date":"2021-11-02T12:30:16","date_gmt":"2021-11-02T11:30:16","guid":{"rendered":"https:\/\/chdouelafontaine.fr\/centre-hospitalier\/?p=2692"},"modified":"2021-11-02T12:33:15","modified_gmt":"2021-11-02T11:33:15","slug":"semaine-nationale-denutrition-2021","status":"publish","type":"post","link":"https:\/\/chdouelafontaine.fr\/centre-hospitalier\/semaine-nationale-denutrition-2021\/","title":{"rendered":"Le CH de Dou\u00e9-En-Anjou s\u2019engage pour la Semaine Nationale de la D\u00e9nutrition 2021, du 12 au 20 novembre !"},"content":{"rendered":"<table style=\"border-collapse: collapse; width: 100%;\">\n<tbody>\n<tr>\n<td>\n<p style=\"text-align: center;\"><span style=\"color: #0000ff;\">L\u2019enqu\u00eate de la Fondation Jean Jaur\u00e8s-IFOP 1 a montr\u00e9 que\u00a0:<\/span><\/p>\n<p style=\"text-align: center;\"><span style=\"color: #0000ff;\">&#8211; 50 % des personnes interrog\u00e9es estiment qu\u2019il est normal de maigrir en vieillissant,<\/span><\/p>\n<p style=\"text-align: center;\"><span style=\"color: #0000ff;\">&#8211; 81 % pensent qu\u2019il est normal de maigrir quand on a un cancer ou une maladie grave,<\/span><\/p>\n<p style=\"text-align: center;\"><span style=\"color: #0000ff;\">&#8211; 56 % pensent que les personnes \u00e2g\u00e9es ont besoin de manger moins de viande,<\/span><\/p>\n<p style=\"text-align: center;\"><span style=\"color: #0000ff;\">&#8211; 49 % des Fran\u00e7ais pensent &#8211; \u00e0 tort &#8211; que la d\u00e9nutrition est une \u00ab\u00a0cons\u00e9quence de la famine\u00a0\u00bb<\/span><\/p>\n<p style=\"text-align: center;\"><span style=\"color: #0000ff;\">&#8211; et seuls 19 % des fran\u00e7ais l\u2019identifient comme une maladie.<\/span><\/p>\n<\/td>\n<\/tr>\n<\/tbody>\n<\/table>\n<p><strong>C\u2019est pourquoi le CH de Dou\u00e9-En-Anjou souhaite sensibiliser ses professionnels, ainsi que les r\u00e9sidents et patients afin de lutter contre cette maladie silencieuse !<br \/>\nUn challenge sera propos\u00e9 aux \u00e9quipes et des d\u00e9pliants seront distribu\u00e9s aux patient\/r\u00e9sidents.<\/strong><\/p>\n<p><em>Cet \u00e9v\u00e9nement s\u2019inscrit dans le Programme National Nutrition Sant\u00e9 2019-2023 et est soutenu par le minist\u00e8re des Solidarit\u00e9s et de la Sant\u00e9.<\/em><\/p>\n<p><img loading=\"lazy\" decoding=\"async\" class=\"alignnone size-full wp-image-2693\" src=\"https:\/\/chdouelafontaine.fr\/centre-hospitalier\/wp-content\/uploads\/2021\/11\/denutrition21.jpg\" alt=\"\" width=\"1024\" height=\"512\" srcset=\"https:\/\/chdouelafontaine.fr\/centre-hospitalier\/wp-content\/uploads\/2021\/11\/denutrition21.jpg 1024w, https:\/\/chdouelafontaine.fr\/centre-hospitalier\/wp-content\/uploads\/2021\/11\/denutrition21-300x150.jpg 300w, https:\/\/chdouelafontaine.fr\/centre-hospitalier\/wp-content\/uploads\/2021\/11\/denutrition21-768x384.jpg 768w\" sizes=\"auto, (max-width: 1024px) 100vw, 1024px\" \/><\/p>\n","protected":false},"excerpt":{"rendered":"<p>L\u2019enqu\u00eate de la Fondation Jean Jaur\u00e8s-IFOP 1 a montr\u00e9 que\u00a0: &#8211; 50 % des personnes interrog\u00e9es estiment qu\u2019il est normal de maigrir en vieillissant, &#8211; 81 % pensent qu\u2019il est normal de maigrir quand on a un cancer ou une maladie grave, &#8211; 56 % pensent que les personnes \u00e2g\u00e9es ont besoin de manger moins [&hellip;]<\/p>\n","protected":false},"author":14,"featured_media":0,"comment_status":"closed","ping_status":"closed","sticky":false,"template":"","format":"standard","meta":{"footnotes":""},"categories":[1],"tags":[],"class_list":["post-2692","post","type-post","status-publish","format-standard","hentry","category-actualites"],"_links":{"self":[{"href":"https:\/\/chdouelafontaine.fr\/centre-hospitalier\/wp-json\/wp\/v2\/posts\/2692","targetHints":{"allow":["GET"]}}],"collection":[{"href":"https:\/\/chdouelafontaine.fr\/centre-hospitalier\/wp-json\/wp\/v2\/posts"}],"about":[{"href":"https:\/\/chdouelafontaine.fr\/centre-hospitalier\/wp-json\/wp\/v2\/types\/post"}],"author":[{"embeddable":true,"href":"https:\/\/chdouelafontaine.fr\/centre-hospitalier\/wp-json\/wp\/v2\/users\/14"}],"replies":[{"embeddable":true,"href":"https:\/\/chdouelafontaine.fr\/centre-hospitalier\/wp-json\/wp\/v2\/comments?post=2692"}],"version-history":[{"count":7,"href":"https:\/\/chdouelafontaine.fr\/centre-hospitalier\/wp-json\/wp\/v2\/posts\/2692\/revisions"}],"predecessor-version":[{"id":2823,"href":"https:\/\/chdouelafontaine.fr\/centre-hospitalier\/wp-json\/wp\/v2\/posts\/2692\/revisions\/2823"}],"wp:attachment":[{"href":"https:\/\/chdouelafontaine.fr\/centre-hospitalier\/wp-json\/wp\/v2\/media?parent=2692"}],"wp:term":[{"taxonomy":"category","embeddable":true,"href":"https:\/\/chdouelafontaine.fr\/centre-hospitalier\/wp-json\/wp\/v2\/categories?post=2692"},{"taxonomy":"post_tag","embeddable":true,"href":"https:\/\/chdouelafontaine.fr\/centre-hospitalier\/wp-json\/wp\/v2\/tags?post=2692"}],"curies":[{"name":"wp","href":"https:\/\/api.w.org\/{rel}","templated":true}]}}