{"id":2812,"date":"2023-01-11T09:45:41","date_gmt":"2023-01-11T08:45:41","guid":{"rendered":"https:\/\/chdouelafontaine.fr\/centre-hospitalier\/?p=2812"},"modified":"2023-05-23T11:14:04","modified_gmt":"2023-05-23T09:14:04","slug":"actualitee","status":"publish","type":"post","link":"https:\/\/chdouelafontaine.fr\/centre-hospitalier\/actualitee\/","title":{"rendered":""},"content":{"rendered":"<p><span style=\"font-size: 14pt;\">Mmes Mrs bonjour<\/span><\/p>\n<p>&nbsp;<\/p>\n<p><span style=\"font-size: 14pt;\">En ce d\u00e9but 2023, je commence par vous <strong>souhaiter les meilleurs v\u0153ux de bonne ann\u00e9e<\/strong> de la part de l\u2019ensemble de notre \u00e9quipe. Que l\u2019ann\u00e9e soit belle et douce \u00e0 chacune et \u00e0 chacun.<\/span><\/p>\n<p>&nbsp;<\/p>\n<p><span style=\"font-size: 14pt;\">Je souhaite \u00e0 cette occasion vous alerter sur la <strong>situation \u00e9pid\u00e9miologique<\/strong> dans le d\u00e9partement de Maine et Loire et plus largement de la r\u00e9gion Pays de la Loire au niveau des 3 \u00e9pid\u00e9mies qui sont en cours, \u00e0 savoir :<\/span><\/p>\n<p>&nbsp;<\/p>\n<ul>\n<li><span style=\"font-size: 14pt;\">La grippe<\/span><\/li>\n<li><span style=\"font-size: 14pt;\">Le covid<\/span><\/li>\n<li><span style=\"font-size: 14pt;\">La bronchiolite (qui touche aussi les adultes)<\/span><\/li>\n<\/ul>\n<p>&nbsp;<\/p>\n<p><span style=\"font-size: 14pt;\">Le niveau des contaminations embolise les urgences et les services de m\u00e9decine de nos h\u00f4pitaux. Dans nos EHPAD, nous avons r\u00e9guli\u00e8rement des contaminations au COVID ou \u00e0 la grippe alors m\u00eame que nos a\u00een\u00e9s font partie des populations \u00e0 risque.<\/span><\/p>\n<p>&nbsp;<\/p>\n<p><span style=\"font-size: 14pt;\">D\u00e8s lors, je vous invite selon les recommandations de l\u2019\u00e9tablissement \u00e0 <strong>faire vacciner vos proches<\/strong> contre la grippe et le COVID et vous devez ABSOLUMENT respecter, lors de vos venues dans l\u2019\u00e9tablissement, les mesures barri\u00e8res.<\/span><\/p>\n<p>&nbsp;<\/p>\n<p><span style=\"font-size: 14pt;\">Je vous rappelle les pr\u00e9conisations de l\u2019Agence r\u00e9gionale de sant\u00e9 qui s\u2019applique au CH de Dou\u00e9 en Anjou\u00a0:<\/span><\/p>\n<p>&nbsp;<\/p>\n<p><span style=\"font-size: 14pt; color: #ff0000;\">le respect des gestes barri\u00e8res en toutes circonstances ;<\/span><\/p>\n<p>&nbsp;<\/p>\n<p><span style=\"font-size: 14pt; color: #ff0000;\">le port du masque chirurgical pendant toute la dur\u00e9e de la visite;<\/span><\/p>\n<p>&nbsp;<\/p>\n<p><span style=\"font-size: 14pt; color: #ff0000;\">le respect de la distanciation d\u2019au moins 2 m\u00e8tres dans les cas o\u00f9 le masque ne peut exceptionnellement pas \u00eatre port\u00e9 (notamment personnes pr\u00e9sentant des troubles comportementaux)\u00a0;<\/span><\/p>\n<p>&nbsp;<\/p>\n<p>&nbsp;<\/p>\n<p><span style=\"font-size: 14pt;\">Malheureusement, les soignants constatent <strong>TOUS LES JOURS<\/strong>, un manque notable de respect de ces r\u00e8gles \u00e9l\u00e9mentaires de pr\u00e9caution de la part de nos visiteurs.<\/span><\/p>\n<p>&nbsp;<\/p>\n<p><span style=\"font-size: 14pt;\"><strong>J\u2019appelle donc chacune et chacun d\u2019entre vous \u00e0 la protection des plus fragiles d\u2019entre nous.<\/strong><\/span><\/p>\n<p>&nbsp;<\/p>\n<p><span style=\"font-size: 14pt;\">La directrice,<\/span><\/p>\n<p><span style=\"font-size: 14pt;\">Marie-Christine Ruffi\u00e9\u00a0\u00a0<\/span><\/p>\n","protected":false},"excerpt":{"rendered":"<p>Mmes Mrs bonjour &nbsp; En ce d\u00e9but 2023, je commence par vous souhaiter les meilleurs v\u0153ux de bonne ann\u00e9e de la part de l\u2019ensemble de notre \u00e9quipe. Que l\u2019ann\u00e9e soit belle et douce \u00e0 chacune et \u00e0 chacun. &nbsp; Je souhaite \u00e0 cette occasion vous alerter sur la situation \u00e9pid\u00e9miologique dans le d\u00e9partement de Maine [&hellip;]<\/p>\n","protected":false},"author":2,"featured_media":0,"comment_status":"closed","ping_status":"closed","sticky":false,"template":"","format":"standard","meta":{"footnotes":""},"categories":[1],"tags":[],"class_list":["post-2812","post","type-post","status-publish","format-standard","hentry","category-actualites"],"_links":{"self":[{"href":"https:\/\/chdouelafontaine.fr\/centre-hospitalier\/wp-json\/wp\/v2\/posts\/2812","targetHints":{"allow":["GET"]}}],"collection":[{"href":"https:\/\/chdouelafontaine.fr\/centre-hospitalier\/wp-json\/wp\/v2\/posts"}],"about":[{"href":"https:\/\/chdouelafontaine.fr\/centre-hospitalier\/wp-json\/wp\/v2\/types\/post"}],"author":[{"embeddable":true,"href":"https:\/\/chdouelafontaine.fr\/centre-hospitalier\/wp-json\/wp\/v2\/users\/2"}],"replies":[{"embeddable":true,"href":"https:\/\/chdouelafontaine.fr\/centre-hospitalier\/wp-json\/wp\/v2\/comments?post=2812"}],"version-history":[{"count":13,"href":"https:\/\/chdouelafontaine.fr\/centre-hospitalier\/wp-json\/wp\/v2\/posts\/2812\/revisions"}],"predecessor-version":[{"id":2841,"href":"https:\/\/chdouelafontaine.fr\/centre-hospitalier\/wp-json\/wp\/v2\/posts\/2812\/revisions\/2841"}],"wp:attachment":[{"href":"https:\/\/chdouelafontaine.fr\/centre-hospitalier\/wp-json\/wp\/v2\/media?parent=2812"}],"wp:term":[{"taxonomy":"category","embeddable":true,"href":"https:\/\/chdouelafontaine.fr\/centre-hospitalier\/wp-json\/wp\/v2\/categories?post=2812"},{"taxonomy":"post_tag","embeddable":true,"href":"https:\/\/chdouelafontaine.fr\/centre-hospitalier\/wp-json\/wp\/v2\/tags?post=2812"}],"curies":[{"name":"wp","href":"https:\/\/api.w.org\/{rel}","templated":true}]}}